{"id":1219,"date":"2019-12-05T00:00:00","date_gmt":"2019-12-04T23:00:00","guid":{"rendered":"https:\/\/www.bolsalea.com\/blog\/2019\/12\/consecuencias-black-friday\/"},"modified":"2024-03-08T10:30:10","modified_gmt":"2024-03-08T09:30:10","slug":"consecuencias-black-friday","status":"publish","type":"post","link":"https:\/\/www.bolsalea.com\/blog\/2019\/12\/consecuencias-black-friday\/","title":{"rendered":"Las posibles consecuencias del Black Friday"},"content":{"rendered":"\n<p><span>Un a\u00f1o m\u00e1s se ha celebrado el acontecimiento de ventas masivas por excelencia, el Black Friday. En un principio era un d\u00eda, pero en muchos casos se ha alargado a semanas. Las grandes y medianas empresas ofrecen precios imbatibles, mientras que a las peque\u00f1as compa\u00f1\u00edas les resulta muy dif\u00edcil poder entrar en este juego de una manera rentable.<\/span><\/p>\n<p><span>Las<strong> consecuencias del Black Friday<\/strong> pueden ser variadas, a continuaci\u00f3n enumeramos algunas de las posibles.<\/span><\/p>\n<ol>\n<li><strong>Consumismo<\/strong> masivo, compramos cosas que realmente no necesitamos.<\/li>\n<li>El <strong>peque\u00f1o comercio<\/strong> se ve forzado a seguir una tendencia a la que no puede hacer frente.<\/li>\n<li>Agrava la <strong>crisis clim\u00e1tica<\/strong> en el planeta.<\/li>\n<li>Agrava la <strong>crisis econ\u00f3mica<\/strong> del pa\u00eds.<\/li>\n<\/ol>\n<p>Para entender un poco mejor de donde viene este movimiento que se ha extendido globalmente te hemos hecho un breve resumen:<\/p>\n<p><span>Este festival de compras y ofertas empez\u00f3 en el a\u00f1o 1975 en Estados Unidos, pero sus inicios en Espa\u00f1a fueron en el a\u00f1o 2012 con la llegada de MediaMark y la posterior suma de El Corte Ingl\u00e9s y Amazon en el movimiento. <\/span><span>Mas temprano que tarde nos acostumbramos a estos descuentos prenavide\u00f1os y planificamos al detalle nuestras compras para esa fecha. <\/span><\/p>\n<p><span>El problema viene cuando incluimos a los comercios que no se pueden permitir ese margen de descuentos a la ecuaci\u00f3n \u00bfC\u00f3mo afrontar\u00e1n ellos sus p\u00e9rdidas? Puede que no empatices mucho con esa pregunta, al fin y al cabo no est\u00e1s perdiendo nada t\u00fa\u2026 \u00bfO s\u00ed?<\/span><\/p>\n<p><span>No lo vemos como un problema de todos pero s\u00ed lo es. Lo que sucede en el peque\u00f1o comercio es una reacci\u00f3n en cadena: Cuando a ellos les va mal, se ve afectada la mayor fuente de empleo en Espa\u00f1a, se sufren despidos y con esto el n\u00famero de familias que no pueden afrontar sus problemas econ\u00f3micos aumenta. Si el negocio llega a cerrar, dejar\u00e1 de contribuir a la comunidad con sus impuestos y servicios. No se trata solo de conseguir un mejor precio, tenemos que tener muy en cuenta las consecuencias que tiene a largo plazo estas \"superofertas\".<\/span><\/p>\n<p><span>En Bolsalea hemos recopilado una lista de negocios concienciados por, <span>no solamente la supervivencia del peque\u00f1o comercio, sino tambi\u00e9n con temas medioambientales y sociales <\/span>que os invitamos hoy a reflexionar con nosotros. A continuaci\u00f3n hacemos menci\u00f3n a algunos de ellos, aunque han sido muchos m\u00e1s.<\/span><\/p>\n<h2>DONACI\u00d3N DE LOS BENEFICIOS A ORGANIZACIONES BEN\u00c9FICAS<\/h2>\n<ul>\n<li><a href=\"https:\/\/gnomo.eu\/\"><b>Gnomo<\/b><\/a><span> se suma al anti Black Friday con sus precios de siempre y un 10% de todos los beneficios a la asociaci\u00f3n <\/span><b>Asindown, <\/b><span>que lucha por la integraci\u00f3n de personas con s\u00edndrome de down.<\/span><\/li>\n<\/ul>\n<p><a href=\"https:\/\/www.facebook.com\/Gnomo.eu\/posts\/2883410761703385\/\"><img loading=\"lazy\" decoding=\"async\" class=\"aligncenter wp-image-19208\" src=\"https:\/\/www.bolsalea.com\/blog\/media\/unnamed.jpg.webp\" alt=\"Consecuencias del Black Friday\" width=\"482\" height=\"602\" \/><\/a><\/p>\n<ul>\n<li><span>Una donaci\u00f3n = Tres vidas. Esta campa\u00f1a del <strong>Centro de Hemoterapia y Hemodonaci\u00f3n de Sangre de Castilla y Le\u00f3n <\/strong>convierte el Black Friday en un acontecimiento solidario invitando a donar sangre.<\/span><\/li>\n<li><span>\u00a0El <\/span><b>banco Mediolanum<\/b><span> tambi\u00e9n donar\u00e1 parte de sus ganancias a ONG con el 1% del dinero que utilices para comprar ese d\u00eda.<\/span><\/li>\n<\/ul>\n<p><a href=\"https:\/\/www.bolsalea.com\/blog\/media\/Black-Friday-solidario-de-Banco-Mediolanum.jpg.webp\"><img loading=\"lazy\" decoding=\"async\" class=\"alignnone wp-image-19182 size-full\" src=\"https:\/\/www.bolsalea.com\/blog\/media\/Black-Friday-solidario-de-Banco-Mediolanum.jpg.webp\" alt=\"Efectos del Black Friday\" width=\"600\" height=\"400\" \/><\/a><\/p>\n<ul>\n<li><span>Otra forma de realizarlo e igualmente v\u00e1lida la realiz\u00f3 <\/span><b>Transparent<\/b><span>. <\/span><span>Ellos piden que no se rebajen los precios durante el Black Friday y entreguen las ganancias a organizaciones de caridad que pueden elegir libremente sus clientes:<\/span><\/li>\n<\/ul>\n<p><iframe loading=\"lazy\" title=\"NO HAREMOS BLACK FRIDAY\" width=\"500\" height=\"281\" src=\"https:\/\/www.youtube.com\/embed\/tIELdWvFGPk?start=2&feature=oembed\" frameborder=\"0\" allow=\"accelerometer; autoplay; clipboard-write; encrypted-media; gyroscope; picture-in-picture; web-share\" referrerpolicy=\"strict-origin-when-cross-origin\" allowfullscreen><\/iframe><\/p>\n<blockquote>\n<p><span>\u201cLos beneficios de lo que vendamos el fin de semana del Black Friday lo donaremos a proyectos solidarios, bien al que elija el propio cliente, bien a uno que hemos escogido nosotros de antemano\u201d. De esta forma el cliente tambi\u00e9n puede participar activamente y elegir la causa a la que quiere apoyar con su dinero.<\/span><\/p>\n<\/blockquote>\n<h2>ACCIONES PARA CREAR CONCIENCIA<\/h2>\n<ul>\n<li><strong>Minimalism<\/strong><span> se pasea por Madrid para recordarnos algo importante durante el viernes negro. Ellos aceptan que es inevitable que el grande arrastre al peque\u00f1o comercio a este movimiento, sin embargo quieren que la gente se enfrente a la realidad del Black Friday haciendo un simple recordatorio: No lo COMPRES si no lo NECESITAS. Fue gracias a Jos\u00e9 Carlos Cortizo del gran podcast <a href=\"https:\/\/en.digital\/\">Endigital\u00a0<\/a> por quien conocimos esta iniciativa.<\/span><\/li>\n<\/ul>\n<p><iframe loading=\"lazy\" title=\"No lo COMPRES si no lo NECESITAS. Black friday | Minimalism brand\" width=\"500\" height=\"281\" src=\"https:\/\/www.youtube.com\/embed\/lCj-9sx4lL0?feature=oembed\" frameborder=\"0\" allow=\"accelerometer; autoplay; clipboard-write; encrypted-media; gyroscope; picture-in-picture; web-share\" referrerpolicy=\"strict-origin-when-cross-origin\" allowfullscreen><\/iframe><\/p>\n<ul>\n<li><b>M\u00f3nica Cordera<\/b><span>, una peque\u00f1a empresa de moda de La Coru\u00f1a ha colocado este manifiesto en sus escaparate dado sus razones para no celebrar el Black Friday. Ha conseguido much\u00edsimo apoyo y aprobaci\u00f3n, especialmente en redes sociales. Te dejamos en este enlace <a href=\"https:\/\/www.elespanol.com\/quincemil\/articulos\/actualidad\/el-manifiesto-contra-el-black-friday-de-la-tienda-monica-cordera-de-a-coruna\">el manifiesto<\/a>.<\/span><\/li>\n<\/ul>\n<p><a href=\"https:\/\/www.bolsalea.com\/blog\/media\/Manifiesto-anti-black-friday.jpg.webp\"><img loading=\"lazy\" decoding=\"async\" class=\"alignnone size-full wp-image-19270\" src=\"https:\/\/www.bolsalea.com\/blog\/media\/Manifiesto-anti-black-friday.jpg.webp\" alt=\"Manifiesto M\u00f3nica Cordera\" width=\"667\" height=\"500\" \/><\/a><\/p>\n<ul>\n<li><a href=\"https:\/\/es.greenpeace.org\/es\/\"><b>Greenpeace<\/b><\/a><span> se une a la lucha en Madrid por motivos medioambientales y coloca una gran pancarta en el centro de la ciudad CONSUMISMO = CRISIS CLIM\u00c1TICA.<\/span><\/li>\n<\/ul>\n<p><a href=\"https:\/\/www.bolsalea.com\/blog\/media\/Greenpeace-anti-black-friday.jpg.webp\"><img loading=\"lazy\" decoding=\"async\" class=\"alignnone wp-image-19241 size-full\" src=\"https:\/\/www.bolsalea.com\/blog\/media\/Greenpeace-anti-black-friday.jpg.webp\" alt=\"Black friday desventajas\" width=\"667\" height=\"500\" \/><\/a><\/p>\n<ul>\n<li><a href=\"https:\/\/www.ecologistasenaccion.org\/\"><b>Ecologistas en acci\u00f3n<\/b><\/a><span> es una ONG por la protecci\u00f3n del planeta nos propuso un reto declarar el 29 de noviembre como el d\u00eda sin compras.\u00a0<\/span><\/li>\n<\/ul>\n<p><a href=\"https:\/\/www.bolsalea.com\/blog\/media\/Disen\u0303o-sin-ti\u0301tulo.jpg.webp\"><img loading=\"lazy\" decoding=\"async\" class=\"alignnone size-full wp-image-19237\" src=\"https:\/\/www.bolsalea.com\/blog\/media\/Disen\u0303o-sin-ti\u0301tulo.jpg.webp\" alt=\"29N anti black friday\" width=\"667\" height=\"500\" \/><\/a><\/p>\n<h2>ALTERNATIVAS CREATIVAS ANTI BLACK FRIDAY<\/h2>\n<ul>\n<li><span><span>Otra forma creativa de darle la vuelta al Black Friday es la de <strong>Confecomer\u00e7 CV<\/strong><\/span><\/span><span>: En su campa\u00f1a <strong><em>\u201cUn Black Friday diferente\u201d <\/em><\/strong>regalan al cliente un sue\u00f1o valorado en 3.000\u20ac mediante un sorteo adem\u00e1s de crear una web para concienciar a los internautas que quieran comprar en ella. Te damos m\u00e1s informaci\u00f3n en el enlace.<\/span><\/li>\n<\/ul>\n<p><a href=\"https:\/\/www.bolsalea.com\/blog\/media\/Liquidacio\u0301n-por-black-friday.jpg.webp\"><img loading=\"lazy\" decoding=\"async\" class=\"alignnone size-full wp-image-19273\" src=\"https:\/\/www.bolsalea.com\/blog\/media\/Liquidacio\u0301n-por-black-friday.jpg.webp\" alt=\"Alternetiva de muchos comercios\" width=\"667\" height=\"500\" \/><\/a><\/p>\n<ul>\n<li><b>Traducci\u00f3n jur\u00eddica <\/b><span>quiere <\/span><span>dedicar todos los beneficios de estas fechas para ofrecer becas, cursos o formaci\u00f3n en pr\u00f3ximas convocatorias:<\/span><\/li>\n<\/ul>\n<p><a href=\"https:\/\/www.bolsalea.com\/blog\/media\/Black-Friday-formacio\u0301n.jpg.webp\"><img loading=\"lazy\" decoding=\"async\" class=\"alignnone size-full wp-image-19214\" src=\"https:\/\/www.bolsalea.com\/blog\/media\/Black-Friday-formacio\u0301n.jpg.webp\" alt=\"becas, cursos y formaci\u00f3n gratis\" width=\"667\" height=\"500\" \/><\/a><\/p>\n<ul>\n<li><a href=\"https:\/\/www.ecoembes.com\/es\"><b>Ecoembes<\/b><\/a><span> ofreci\u00f3 en Madrid un mercadillo ecol\u00f3gico como alternativa a los excesos de consumo que persisten durante estos d\u00edas, inclu\u00eda talleres gratuitos, intercambio de libros, comida y puntos de venta de productos ecol\u00f3gicos y sostenibles.<\/span><\/li>\n<\/ul>\n<p><a href=\"https:\/\/www.bolsalea.com\/blog\/media\/Mercadillo-sostenible-Black-Friday.jpg.webp\"><img loading=\"lazy\" decoding=\"async\" class=\"alignnone size-full wp-image-19216\" src=\"https:\/\/www.bolsalea.com\/blog\/media\/Mercadillo-sostenible-Black-Friday.jpg.webp\" alt=\"Mercadillo Ecoembes Black Friday\" width=\"667\" height=\"500\" \/><\/a><\/p>\n<ul>\n<li><a href=\"https:\/\/putosmodernos.com\/\"><strong>Putos Modernos<\/strong><\/a> tambi\u00e9n tiene una alternativa interesante: \"Paga un 10% m\u00e1s en todos sus productos\". Esta alternativa la conocimos gracias a la recomendaci\u00f3n de Jaime Mesa.<\/li>\n<\/ul>\n<p><a href=\"https:\/\/www.bolsalea.com\/blog\/media\/Compras-Black-Friday.jpg.webp\"><img loading=\"lazy\" decoding=\"async\" class=\"alignnone size-full wp-image-19299\" src=\"https:\/\/www.bolsalea.com\/blog\/media\/Compras-Black-Friday.jpg.webp\" alt=\"Anti black friday\" width=\"667\" height=\"500\" \/><\/a><\/p>\n<p>Queremos concluir el post con este corto de la fundaci\u00f3n <a href=\"http:\/\/www.knowcosters.org\/\"><strong>Knowcosters<\/strong><\/a> sobre las consecuencias del Black Friday y d\u00e1ndote las gracias por haber llegado hasta el final \ud83d\ude42 Esperamos que poco a poco esta forma de pensar sobre el viernes negro llegue a m\u00e1s gente.<\/p>\n<p><iframe loading=\"lazy\" title=\"Posibles consecuencia del Black Friday\" width=\"500\" height=\"281\" src=\"https:\/\/www.youtube.com\/embed\/Vc75WKkW9nU?start=1&feature=oembed\" frameborder=\"0\" allow=\"accelerometer; autoplay; clipboard-write; encrypted-media; gyroscope; picture-in-picture; web-share\" referrerpolicy=\"strict-origin-when-cross-origin\" allowfullscreen><\/iframe><\/p>\n","protected":false},"excerpt":{"rendered":"<p>Un a\u00f1o m\u00e1s se ha celebrado el acontecimiento de\u00a0...<\/p>\n","protected":false},"author":9,"featured_media":8997,"comment_status":"open","ping_status":"closed","sticky":false,"template":"","format":"standard","meta":{"inline_featured_image":false,"footnotes":""},"categories":[42],"tags":[],"class_list":["post-1219","post","type-post","status-publish","format-standard","has-post-thumbnail","hentry","category-negocios"],"_links":{"self":[{"href":"https:\/\/www.bolsalea.com\/blog\/wp-json\/wp\/v2\/posts\/1219","targetHints":{"allow":["GET"]}}],"collection":[{"href":"https:\/\/www.bolsalea.com\/blog\/wp-json\/wp\/v2\/posts"}],"about":[{"href":"https:\/\/www.bolsalea.com\/blog\/wp-json\/wp\/v2\/types\/post"}],"author":[{"embeddable":true,"href":"https:\/\/www.bolsalea.com\/blog\/wp-json\/wp\/v2\/users\/9"}],"replies":[{"embeddable":true,"href":"https:\/\/www.bolsalea.com\/blog\/wp-json\/wp\/v2\/comments?post=1219"}],"version-history":[{"count":5,"href":"https:\/\/www.bolsalea.com\/blog\/wp-json\/wp\/v2\/posts\/1219\/revisions"}],"predecessor-version":[{"id":15004,"href":"https:\/\/www.bolsalea.com\/blog\/wp-json\/wp\/v2\/posts\/1219\/revisions\/15004"}],"wp:featuredmedia":[{"embeddable":true,"href":"https:\/\/www.bolsalea.com\/blog\/wp-json\/wp\/v2\/media\/8997"}],"wp:attachment":[{"href":"https:\/\/www.bolsalea.com\/blog\/wp-json\/wp\/v2\/media?parent=1219"}],"wp:term":[{"taxonomy":"category","embeddable":true,"href":"https:\/\/www.bolsalea.com\/blog\/wp-json\/wp\/v2\/categories?post=1219"},{"taxonomy":"post_tag","embeddable":true,"href":"https:\/\/www.bolsalea.com\/blog\/wp-json\/wp\/v2\/tags?post=1219"}],"curies":[{"name":"wp","href":"https:\/\/api.w.org\/{rel}","templated":true}]}}