{"id":1222,"date":"2020-01-20T00:00:00","date_gmt":"2020-01-19T23:00:00","guid":{"rendered":"https:\/\/www.bolsalea.com\/blog\/2020\/01\/como-afectan-las-rebajas-al-pequeno-comercio\/"},"modified":"2024-03-08T10:30:10","modified_gmt":"2024-03-08T09:30:10","slug":"como-afectan-las-rebajas-al-pequeno-comercio","status":"publish","type":"post","link":"https:\/\/www.bolsalea.com\/blog\/2020\/01\/como-afectan-las-rebajas-al-pequeno-comercio\/","title":{"rendered":"\u00bfC\u00f3mo afectan las rebajas al peque\u00f1o comercio?"},"content":{"rendered":"\n<p><span><strong><a href=\"https:\/\/www.bolsalea.com\/blog\/2019\/12\/consecuencias-black-friday\/\">\u00a1Salimos del Black Friday<\/a><\/strong> y de repente ya estamos en las rebajas de Enero! Si necesitabas salir de un apuro sin gastar mucho dinero es perfecto y despu\u00e9s de tanto gasto en las navidades se agradecen las rebajas pero <strong>\u00bfC\u00f3mo afectan estas rebajas al peque\u00f1o comercio?<\/strong><\/span><\/p>\n<p><span>El efecto prolongado de estos descuentos le hacen mucho da\u00f1o a los peque\u00f1os negocios de toda Espa\u00f1a. Su facturaci\u00f3n cae en picado con eventos como estos y algunos no sobreviven a este proceso:<\/span><\/p>\n<p><a href=\"https:\/\/www.bolsalea.com\/blog\/media\/CIERRE-rebajas-Pequen\u0303o-Comercio.jpg.webp\"><img loading=\"lazy\" decoding=\"async\" class=\"alignnone wp-image-19594 size-full\" src=\"https:\/\/www.bolsalea.com\/blog\/media\/CIERRE-rebajas-Pequen\u0303o-Comercio.jpg.webp\" alt=\"C\u00f3mo afectan las rebajas al comercio\" width=\"667\" height=\"500\" \/><\/a><\/p>\n<p><span>Esta foto se hizo viral hace alg\u00fan tiempo en la provincia de Albacete y refleja perfectamente la situaci\u00f3n que est\u00e1 viviendo el peque\u00f1o comercio.\u00a0<\/span><\/p>\n<p>Son muchas las consecuencias que tiene la perdida de estos comercios locales:<\/p>\n<ul>\n<li><strong>Perjudican gravemente al comercio.<\/strong> Hay una p\u00e9rdida considerable para ellos con estas rebajas. La competencia de precios sumada al mundo cada vez m\u00e1s presente del comercio online hace que sus ca\u00eddas de ventas seas cada vez m\u00e1s preocupantes.<\/li>\n<li><strong>Alientan al consumismo innecesario.<\/strong> Todos hemos experimentado alguna vez la sensaci\u00f3n de comparar algo por impulso y que l final quedara olvidado en el armario. Al bajar los precios esta tendencia aumenta y muy probablemente nuestro dinero se vaya sin darnos cuenta en cosas que realmente no nos hacen falta.<\/li>\n<li><strong>Agravan las condiciones clim\u00e1ticas.<\/strong> Volviendo al mundo de las tiendas online y todo lo que se fabrica fuera de Espa\u00f1a, siempre ser\u00e1 mejor para nuestro planeta que le compremos al vecino que hagamos un pedido trasatl\u00e1ntico.<\/li>\n<li><strong>No se viven con la misma ilusi\u00f3n que hace unos a\u00f1os.<\/strong> Cuenta la leyenda que <a href=\"https:\/\/elpais.com\/economia\/2012\/07\/13\/actualidad\/1342188676_460846.html\">all\u00e1 por el 2012 en Espa\u00f1a<\/a> solo hab\u00eda 2 periodos de rebajas en todo el a\u00f1o y las personas esperaban con ansias a que llegara su momento para comprar ese producto que les hac\u00eda tanta ilusi\u00f3n pero que se sal\u00eda de su presupuesto. \u00a1Qu\u00e9 \u00e9poca tan nost\u00e1lgica!<\/li>\n<\/ul>\n<p><span>En varias provincias est\u00e1n pidiendo que se reduzca el tiempo de las rebajas de enero. Actualmente estas empiezan el 7 de enero y terminan (en la mayor\u00eda de los casos) a finales de febrero o principios de marzo y si es una de las grandes marcas suele alargarse m\u00e1s.<\/span><\/p>\n<p>En este <strong><a href=\"https:\/\/www.lasexta.com\/noticias\/economia\/las-rebajas-de-enero-llegan-con-polemica-el-pequeno-comercio-pide-al-gobierno-que-vuelvan-las-rebajas-de-toda-la-vida_201901035c2e2b230cf24fa4056c0f13.html\">v\u00eddeo de la Sexta<\/a> <\/strong>muestra la pol\u00e9mica de las rebajas de enero por la situaci\u00f3n del peque\u00f1o comercio:<\/p>\n<p><a href=\"https:\/\/www.bolsalea.com\/blog\/media\/Rebajas-de-enero.jpg.webp\"><img loading=\"lazy\" decoding=\"async\" class=\"alignnone wp-image-19593 size-full\" src=\"https:\/\/www.bolsalea.com\/blog\/media\/Rebajas-de-enero.jpg.webp\" alt=\"C\u00f3mo afectan las rebajas\" width=\"667\" height=\"500\" \/><\/a><\/p>\n<p><span>Esta es una situaci\u00f3n es insostenible para los comercios peque\u00f1os. Por ello, debemos ser responsables con nuestro consumo especialmente en estas fechas.\u00a0<\/span><\/p>\n<p>Te proponemos 2 alternativas para tus compras:<\/p>\n<ol>\n<li>\n<h5><strong>NO COMPRAR EN REBAJAS.<\/strong> No es el fin del mundo y de hecho mucha gente no lo hace. Tampoco significa que dejemos de lado nuestras compras necesarias diarias, simplemente que tengamos conciencia de que estamos comprando algo que realmente necesitamos.<\/h5>\n<\/li>\n<li>\n<h5><strong>COMPRAR MAYORITARIAMENTE EN TIENDAS LOCALES.<\/strong> En vez de irnos a las grandes superficies pasa una temporada de shopping en tu barrio y prueba los productos que tienen para ofrecerte tus tiendas vecinas. Nadie quita que no te des alg\u00fan capricho en las rebajas pero al mismo tiempo colaboras con tus comercios cercanos.<\/h5>\n<\/li>\n<\/ol>\n<p>Al final si nos concienciamos de la importancia de preservar los comercios locales cada vez nos ser\u00e1 m\u00e1s gratificante la visita a estos frente a las grandes empresas.<\/p>\n<p><a href=\"https:\/\/www.bolsalea.com\/blog\/media\/Pequen\u0303o-Comercio-Rebajas.jpg.webp\"><img loading=\"lazy\" decoding=\"async\" class=\"alignnone wp-image-19602 size-full\" src=\"https:\/\/www.bolsalea.com\/blog\/media\/Pequen\u0303o-Comercio-Rebajas.jpg.webp\" alt=\"Rebajas y el peque\u00f1o comercio\" width=\"667\" height=\"667\" \/><\/a><\/p>\n<p><span>Esperamos que te haya servido la informaci\u00f3n y compartas con otras personas c\u00f3mo afectan estas rebajas al peque\u00f1o comercio para seguir colaborando con su causa. Este mes continuar\u00e1 la lucha contra las rebajas interminables de los gigantes de la industria y<strong> <a href=\"https:\/\/www.eleconomista.es\/empresas-finanzas\/noticias\/10292446\/01\/20\/El-Gobierno-quiere-volver-a-limitar-los-periodos-de-rebajas-del-comercio.html\">el deseo de que vuelvan las rebajas de toda la vida<\/a><\/strong>: las que empiezan despu\u00e9s de reyes y terminan en una fecha concreta y bastante m\u00e1s corta.<\/span><\/p>\n<p>\u00a0<\/p>\n","protected":false},"excerpt":{"rendered":"<p>\u00a1Salimos del Black Friday y de repente ya estamos\u00a0...<\/p>\n","protected":false},"author":9,"featured_media":9015,"comment_status":"open","ping_status":"closed","sticky":false,"template":"","format":"standard","meta":{"inline_featured_image":false,"footnotes":""},"categories":[42],"tags":[863,2052],"class_list":["post-1222","post","type-post","status-publish","format-standard","has-post-thumbnail","hentry","category-negocios","tag-pequeno-comercio","tag-rebajas"],"_links":{"self":[{"href":"https:\/\/www.bolsalea.com\/blog\/wp-json\/wp\/v2\/posts\/1222","targetHints":{"allow":["GET"]}}],"collection":[{"href":"https:\/\/www.bolsalea.com\/blog\/wp-json\/wp\/v2\/posts"}],"about":[{"href":"https:\/\/www.bolsalea.com\/blog\/wp-json\/wp\/v2\/types\/post"}],"author":[{"embeddable":true,"href":"https:\/\/www.bolsalea.com\/blog\/wp-json\/wp\/v2\/users\/9"}],"replies":[{"embeddable":true,"href":"https:\/\/www.bolsalea.com\/blog\/wp-json\/wp\/v2\/comments?post=1222"}],"version-history":[{"count":1,"href":"https:\/\/www.bolsalea.com\/blog\/wp-json\/wp\/v2\/posts\/1222\/revisions"}],"predecessor-version":[{"id":12283,"href":"https:\/\/www.bolsalea.com\/blog\/wp-json\/wp\/v2\/posts\/1222\/revisions\/12283"}],"wp:featuredmedia":[{"embeddable":true,"href":"https:\/\/www.bolsalea.com\/blog\/wp-json\/wp\/v2\/media\/9015"}],"wp:attachment":[{"href":"https:\/\/www.bolsalea.com\/blog\/wp-json\/wp\/v2\/media?parent=1222"}],"wp:term":[{"taxonomy":"category","embeddable":true,"href":"https:\/\/www.bolsalea.com\/blog\/wp-json\/wp\/v2\/categories?post=1222"},{"taxonomy":"post_tag","embeddable":true,"href":"https:\/\/www.bolsalea.com\/blog\/wp-json\/wp\/v2\/tags?post=1222"}],"curies":[{"name":"wp","href":"https:\/\/api.w.org\/{rel}","templated":true}]}}