{"id":15050,"date":"2022-10-17T13:46:52","date_gmt":"2022-10-17T11:46:52","guid":{"rendered":"https:\/\/www.bolsalea.com\/blog\/?p=15050"},"modified":"2022-10-19T15:47:06","modified_gmt":"2022-10-19T13:47:06","slug":"bibi-handmade-accesorios-artesanales-y-sostenibles","status":"publish","type":"post","link":"https:\/\/www.bolsalea.com\/blog\/2022\/10\/bibi-handmade-accesorios-artesanales-y-sostenibles\/","title":{"rendered":"Bib\u00ed Handmade. Accesorios artesanales y sostenibles"},"content":{"rendered":"\n<p>En esta ocasi\u00f3n, hemos entrevistado a Raquel Manteiga, fundadora de una <strong>empresa de accesorios artesanales que vio la luz de una forma org\u00e1nica<\/strong>. Un caso de \u00e9xito que puede servir de ejemplo para saber que no es necesario tener amplios conocimientos para montar tu propia empresa, sino <strong>ganas de emprender, de hacer las cosas bien y \u00a1mucho amor!<\/strong> \u2665\ufe0f<\/p>\n\n\n\n<p><\/p>\n\n\n<div class=\"wp-block-image\">\n<figure class=\"aligncenter size-full\"><img loading=\"lazy\" decoding=\"async\" width=\"667\" height=\"602\" src=\"https:\/\/www.bolsalea.com\/blog\/media\/Bibi\u0301-Handmade-accesorios-artesanales.jpg\" alt=\"Bibi\u0301 Handmade accesorios artesanales\" class=\"wp-image-15052\"\/><\/figure>\n<\/div>\n\n\n<p><\/p>\n\n\n\n<div id=\"ez-toc-container\" class=\"ez-toc-v2_0_82_2 counter-hierarchy ez-toc-counter ez-toc-grey ez-toc-container-direction\">\n<div class=\"ez-toc-title-container\"><p class=\"ez-toc-title\" style=\"cursor:inherit\">Contenidos de esta p\u00e1gina<\/p>\n<\/div><nav><ul class='ez-toc-list ez-toc-list-level-1 ' ><li class='ez-toc-page-1 ez-toc-heading-level-3'><a class=\"ez-toc-link ez-toc-heading-1\" href=\"https:\/\/www.bolsalea.com\/blog\/2022\/10\/bibi-handmade-accesorios-artesanales-y-sostenibles\/#%C2%BFCual_es_el_origen_de_Bibi_Handmade_y_como_surge_la_idea\" >\u00bfCu\u00e1l es el origen de Bib\u00ed Handmade y c\u00f3mo surge la idea?<\/a><\/li><li class='ez-toc-page-1 ez-toc-heading-level-3'><a class=\"ez-toc-link ez-toc-heading-2\" href=\"https:\/\/www.bolsalea.com\/blog\/2022\/10\/bibi-handmade-accesorios-artesanales-y-sostenibles\/#Sobres_de_papel_ecologicos_%E2%99%BB%EF%B8%8F\" >Sobres de papel ecol\u00f3gicos&nbsp;\u267b\ufe0f<\/a><\/li><li class='ez-toc-page-1 ez-toc-heading-level-3'><a class=\"ez-toc-link ez-toc-heading-3\" href=\"https:\/\/www.bolsalea.com\/blog\/2022\/10\/bibi-handmade-accesorios-artesanales-y-sostenibles\/#%C2%BFPor_que_accesorios_artesanales_%C2%BFPor_que_decides_seguir_con_lo_aprendido_en_Brasil\" >\u00bfPor qu\u00e9 accesorios artesanales? \u00bfPor qu\u00e9 decides seguir con lo aprendido en Brasil?<\/a><\/li><li class='ez-toc-page-1 ez-toc-heading-level-3'><a class=\"ez-toc-link ez-toc-heading-4\" href=\"https:\/\/www.bolsalea.com\/blog\/2022\/10\/bibi-handmade-accesorios-artesanales-y-sostenibles\/#Como_empresa_%C2%BFque_valores_buscas_transmitir\" >Como empresa, \u00bfqu\u00e9 valores buscas transmitir?<\/a><\/li><li class='ez-toc-page-1 ez-toc-heading-level-3'><a class=\"ez-toc-link ez-toc-heading-5\" href=\"https:\/\/www.bolsalea.com\/blog\/2022\/10\/bibi-handmade-accesorios-artesanales-y-sostenibles\/#Hablando_de_cuidar_el_entorno_%C2%BFComo_buscas_cuidar_ese_entorno_%C2%BFComo_buscas_cuidar_el_planeta\" >Hablando de cuidar el entorno... \u00bfC\u00f3mo buscas cuidar ese entorno? \u00bfC\u00f3mo buscas cuidar el planeta?<\/a><\/li><li class='ez-toc-page-1 ez-toc-heading-level-3'><a class=\"ez-toc-link ez-toc-heading-6\" href=\"https:\/\/www.bolsalea.com\/blog\/2022\/10\/bibi-handmade-accesorios-artesanales-y-sostenibles\/#%C2%BFEstais_comprometidos_con_la_busqueda_del_impacto_positivo_en_el_marco_social_ademas_del_medioambiental\" >\u00bfEst\u00e1is comprometidos con la b\u00fasqueda del impacto positivo en el marco social adem\u00e1s del medioambiental?<\/a><\/li><li class='ez-toc-page-1 ez-toc-heading-level-3'><a class=\"ez-toc-link ez-toc-heading-7\" href=\"https:\/\/www.bolsalea.com\/blog\/2022\/10\/bibi-handmade-accesorios-artesanales-y-sostenibles\/#%C2%BFCual_es_el_objetivo_de_que_vuestros_productos_esten_100_confeccionados_en_Espana\" >\u00bfCu\u00e1l es el objetivo de que vuestros productos est\u00e9n 100% confeccionados en Espa\u00f1a?<\/a><\/li><li class='ez-toc-page-1 ez-toc-heading-level-3'><a class=\"ez-toc-link ez-toc-heading-8\" href=\"https:\/\/www.bolsalea.com\/blog\/2022\/10\/bibi-handmade-accesorios-artesanales-y-sostenibles\/#Vale_por_ultimo_%C2%BFQuieres_compartir_con_nosotros_que_fue_lo_mas_dificil_de_emprender_y_como_te_sobrepusiste_a_ello\" >Vale, por \u00faltimo. \u00bfQuieres compartir con nosotros qu\u00e9 fue lo m\u00e1s dif\u00edcil de emprender y c\u00f3mo te sobrepusiste a ello?<\/a><\/li><li class='ez-toc-page-1 ez-toc-heading-level-3'><a class=\"ez-toc-link ez-toc-heading-9\" href=\"https:\/\/www.bolsalea.com\/blog\/2022\/10\/bibi-handmade-accesorios-artesanales-y-sostenibles\/#Encuesta_rapida_para_conocer_a_Raquel_un_poquito_mas_%F0%9F%98%8A%F0%9F%91%87\" >Encuesta r\u00e1pida para conocer a Raquel un poquito m\u00e1s. \ud83d\ude0a\ud83d\udc47<\/a><\/li><\/ul><\/nav><\/div>\n<h3 class=\"wp-block-heading\"><span class=\"ez-toc-section\" id=\"%C2%BFCual_es_el_origen_de_Bibi_Handmade_y_como_surge_la_idea\"><\/span><strong>\u00bfCu\u00e1l es el origen de Bib\u00ed Handmade y c\u00f3mo surge la idea?<\/strong><span class=\"ez-toc-section-end\"><\/span><\/h3>\n\n\n\n<p>Bueno, en realidad no fue una idea en s\u00ed, fue saliendo de una manera org\u00e1nica. En 2011, me fui a viajar por el mundo y acab\u00e9 en Brasil, ah\u00ed me qued\u00e9 2 a\u00f1os. Mont\u00e9 una \"tiendita\" en un pueblo muy peque\u00f1ito del nordeste de Brasil, que se llama Jericoaquara.<\/p>\n\n\n\n<p><\/p>\n\n\n\n<p>La casera de mi tienda hac\u00eda cuero y empez\u00f3 a ense\u00f1arme a coser, t\u00e9cnicas de corte... Empec\u00e9 a conocer gente de Tarifa que iba a hacer windsurf por esa zona y en 2014 me vine para Tarifa con la idea de trabajar en otra empresa que me hab\u00edan ofrecido y a los dos meses de estar en esa empresa dije: \"A m\u00ed me est\u00e1n explotando aqu\u00ed muy mal\"<\/p>\n\n\n\n<p>Y me hab\u00eda tra\u00eddo para Tarifa todas las cositas del taller que hab\u00eda montado. Me alquil\u00e9 un piso, comenc\u00e9 a hacer pulseras y conoc\u00ed a Patrick, un artesano de Ghana que hace talla en madera y vende pulseras, tallas y artesan\u00eda de su pa\u00eds en la playa. \u00c9l me dijo: \"\u00bfT\u00fa qu\u00e9 haces? T\u00fa vente aqu\u00ed y te pones a vender en la playa\". Y as\u00ed fue, empec\u00e9 a hacer un stock de pulseras y cada vez m\u00e1s...<\/p>\n\n\n\n<p><\/p>\n\n\n\n<p><mark>En 2015 registr\u00e9 mi marca en Andaluc\u00eda con la ayuda de un organismo que hay, que se llama el \"CADE\"<\/mark>,  que ayuda a quien quiere formar una empresa desde cero, a los aut\u00f3nomos que se dan de alta y con las gestiones y tal. Ah\u00ed fue un poco el inicio.<\/p>\n\n\n\n<figure class=\"wp-block-video aligncenter\"><video height=\"272\" width=\"480\" controls src=\"https:\/\/www.bolsalea.com\/blog\/media\/Accesorios-artesanales-hechos-con-amor.mov\"><\/video><\/figure>\n\n\n\n<blockquote class=\"wp-block-quote is-layout-flow wp-block-quote-is-layout-flow\"><p>Raquel apost\u00f3 por nuestros <a href=\"https:\/\/www.bolsalea.com\/sobres\" target=\"_blank\" rel=\"noreferrer noopener\">sobres de papel<\/a> de fabricaci\u00f3n nacional para su negocio. Ella asegura que podr\u00eda haber utilizado envases de pl\u00e1stico para que el producto se viera en el interior. Sin embargo, esto no casaba con sus creencias y valores sostenibles por lo que decidi\u00f3 hacer su pedido con <a href=\"https:\/\/www.bolsalea.com\/\" target=\"_blank\" rel=\"noreferrer noopener\">Bolsalea<\/a> eligiendo un producto reciclable, biodegradable y compostable. \ud83d\ude0d<\/p><\/blockquote>\n\n\n<div id=\"div_block-2-9619\" class=\"ct-div-block\" ><h3 id=\"headline-3-9619\" class=\"ct-headline\"><span class=\"ez-toc-section\" id=\"Sobres_de_papel_ecologicos_%E2%99%BB%EF%B8%8F\"><\/span>Sobres de papel ecol\u00f3gicos&nbsp;\u267b\ufe0f<span class=\"ez-toc-section-end\"><\/span><\/h3><div id=\"text_block-5-9619\" class=\"ct-text-block\" >En Bolsalea nos adaptamos a vuestras necesidades y lo demuestran nuestros sobres de papel. Disponemos en muchas medidas y diferentes grosores, en funci\u00f3n del tama\u00f1o de vuestros productos. \u00a1Los puedes encontrar en nuestra web!<\/div><a id=\"link_button-6-9619\" class=\"ct-link-button\" href=\"https:\/\/www.bolsalea.com\/sobres\" target=\"_self\"  >Me interesa<\/a><\/div>\n\n\n<p><\/p>\n\n\n\n<h3 class=\"wp-block-heading\"><span class=\"ez-toc-section\" id=\"%C2%BFPor_que_accesorios_artesanales_%C2%BFPor_que_decides_seguir_con_lo_aprendido_en_Brasil\"><\/span><strong>\u00bfPor qu\u00e9 accesorios artesanales? \u00bfPor qu\u00e9 decides seguir con lo aprendido en Brasil?<\/strong><span class=\"ez-toc-section-end\"><\/span><\/h3>\n\n\n\n<p><mark>A m\u00ed me gustan las cosas bien hechas, que se cuidan, que cuidas el detalle, me gustan las cosas hechas con las manos, originales y que sean de calidad. <\/mark>No s\u00e9, creo que la creatividad se expresa de esa forma al final.<\/p>\n\n\n\n<p>Exclusividad del producto o producto \u00fanico: \"Son piezas diferentes de calidad, pues al final todo es distinto\" Nosotros, por ejemplo, aqu\u00ed pintamos el cuero y cada cuero a su vez es diferente.<\/p>\n\n\n\n<p>Tambi\u00e9n estoy empezando a diversificar mis productos, pero siempre que sean artesanos porque a m\u00ed me gusta pues eso, dise\u00f1ar cosas y si yo no las hago, que las haga otra persona pero de <strong>forma artesanal<\/strong>.<\/p>\n\n\n\n<p><\/p>\n\n\n<div class=\"wp-block-image\">\n<figure class=\"aligncenter size-full\"><img loading=\"lazy\" decoding=\"async\" width=\"667\" height=\"602\" src=\"https:\/\/www.bolsalea.com\/blog\/media\/Productos-de-cuero-artesanal.jpg\" alt=\"Productos de cuero artesanal\" class=\"wp-image-15057\"\/><\/figure>\n<\/div>\n\n\n<p><\/p>\n\n\n\n<h3 class=\"wp-block-heading\"><span class=\"ez-toc-section\" id=\"Como_empresa_%C2%BFque_valores_buscas_transmitir\"><\/span><strong>Como empresa, \u00bfqu\u00e9 valores buscas transmitir?<\/strong><span class=\"ez-toc-section-end\"><\/span><\/h3>\n\n\n\n<p>Bueno, los valores de mi empresa, como pod\u00e9is ver, no nacieron con la empresa. Al final, se han ido construyendo a partir de la evoluci\u00f3n de mi marca y como persona.<\/p>\n\n\n\n<p><mark>Lo que ten\u00eda claro era que quer\u00eda tener <strong>productos artesanales<\/strong>, de cercan\u00eda y que no produjeran m\u00e1s da\u00f1o.<\/mark> Es importante que todos tenemos que vivir de algo, pero intentar minimizar tambi\u00e9n nuestra huella.<\/p>\n\n\n\n<p><\/p>\n\n\n\n<h3 class=\"wp-block-heading\"><span class=\"ez-toc-section\" id=\"Hablando_de_cuidar_el_entorno_%C2%BFComo_buscas_cuidar_ese_entorno_%C2%BFComo_buscas_cuidar_el_planeta\"><\/span><strong>Hablando de cuidar el entorno... \u00bfC\u00f3mo buscas cuidar ese entorno? \u00bfC\u00f3mo buscas cuidar el planeta?<\/strong><span class=\"ez-toc-section-end\"><\/span><\/h3>\n\n\n\n<p>A ver, nosotros en Bib\u00ed trabajamos solamente con cuero de curtido vegetal, que es una piel que est\u00e1 curtida con pigmentos naturales, hecha de forma artesanal y sin ning\u00fan tipo de qu\u00edmicos. No se utiliza cromo para curtirla ni nada de eso, osea que minimice el impacto lo m\u00e1ximo posible.<\/p>\n\n\n\n<p>Tengo un s\u00f3lo proveedor de cuero de un pueblo muy aislado del centro de la Pen\u00ednsula. Es una empresa muy peque\u00f1ita tambi\u00e9n, donde trabajan con pieles de la zona. Y bueno, utilizamos tintas al agua y todo lo que compramos y utilizamos lo producimos o est\u00e1 producido aqu\u00ed en Espa\u00f1a.<\/p>\n\n\n\n<p>Intentamos reciclar todo lo que nos sobra para hacer piezas m\u00e1s peque\u00f1itas todav\u00eda y tambi\u00e9n dono una parte de las pieles que nos sobran a un artesano de aqu\u00ed. <mark>Estamos en no tirar nada, desperdicio cero. Tiramos lo minim\u00edsimo posible.<\/mark><\/p>\n\n\n\n<p>Pues eso, no tenemos tampoco una gu\u00eda de sostenibilidad m\u00e1xima, pero hacemos lo que podemos. Buscamos minimizar lo m\u00e1ximo posible los da\u00f1os ambientales. <mark>Todo lo intentamos hacer de una forma lo m\u00e1s rigurosa posible con nuestras creencias.<\/mark><\/p>\n\n\n\n<p><\/p>\n\n\n\n<h3 class=\"wp-block-heading\"><span class=\"ez-toc-section\" id=\"%C2%BFEstais_comprometidos_con_la_busqueda_del_impacto_positivo_en_el_marco_social_ademas_del_medioambiental\"><\/span><strong>\u00bfEst\u00e1is comprometidos con la b\u00fasqueda del impacto positivo en el marco social adem\u00e1s del medioambiental?<\/strong><span class=\"ez-toc-section-end\"><\/span><\/h3>\n\n\n\n<p><mark>Busco proveedores que vayan alineados con mis valores, ese es el tema. Esto es una cadena, al final, intento que nadie la rompa.<\/mark><\/p>\n\n\n\n<p>La contrataci\u00f3n que hago es local y a nivel personal, como s\u00e9 que estoy contribuyendo, no tanto a la muerte de un animal como al aprovechamiento de su piel, pues yo a nivel personal colaboro todos los a\u00f1os con los santuarios de animales porque creo que estoy, un poco, devolviendo lo que estoy cogiendo por otra parte. Entonces bueno, lo hago as\u00ed para equilibrar el \"Karma\". Hay que entender que estoy gastando pieles de animales muertos que son residuos de la industria c\u00e1rnica. <mark>No lo hago como empresa, lo hago a nivel personal.<\/mark><\/p>\n\n\n\n<p><\/p>\n\n\n\n<h3 class=\"wp-block-heading\"><span class=\"ez-toc-section\" id=\"%C2%BFCual_es_el_objetivo_de_que_vuestros_productos_esten_100_confeccionados_en_Espana\"><\/span><strong>\u00bfCu\u00e1l es el objetivo de que vuestros productos est\u00e9n 100% confeccionados en Espa\u00f1a?<\/strong><span class=\"ez-toc-section-end\"><\/span><\/h3>\n\n\n\n<p>Que creo que contribuir al tejido econ\u00f3mico de nuestro pa\u00eds significa no vendernos a China por ejemplo. Por supuesto, aparte de todo eso, <mark>reducir la huella de carbono porque si compras local el producto no viene de miles de kil\u00f3metros contaminando...<\/mark><\/p>\n\n\n\n<p><\/p>\n\n\n<div class=\"wp-block-image\">\n<figure class=\"aligncenter size-full\"><img loading=\"lazy\" decoding=\"async\" width=\"667\" height=\"602\" src=\"https:\/\/www.bolsalea.com\/blog\/media\/Productos-artesanales-hechos-en-Espan\u0303a.jpg\" alt=\"Productos artesanales hechos en Espan\u0303a\" class=\"wp-image-15058\"\/><\/figure>\n<\/div>\n\n\n<p><\/p>\n\n\n\n<h3 class=\"wp-block-heading\"><span class=\"ez-toc-section\" id=\"Vale_por_ultimo_%C2%BFQuieres_compartir_con_nosotros_que_fue_lo_mas_dificil_de_emprender_y_como_te_sobrepusiste_a_ello\"><\/span><strong>Vale, por \u00faltimo. \u00bfQuieres compartir con nosotros qu\u00e9 fue lo m\u00e1s dif\u00edcil de emprender y c\u00f3mo te sobrepusiste a ello?<\/strong><span class=\"ez-toc-section-end\"><\/span><\/h3>\n\n\n\n<p>Los plagios. Eso ha sido un tema muy duro. Desde el 2018 m\u00e1s o menos, que <mark>la primera que me copi\u00f3 fue una tienda que era punto de venta de mi marca y ha sido duro realmente ver c\u00f3mo las personas confund\u00edan mi producto con el suyo.<\/mark> Me ha dolido un mont\u00f3n.<\/p>\n\n\n\n<p><\/p>\n\n\n\n<p>Se han ido extendiendo los plagios y \u00bfc\u00f3mo le hago frente? Poniendo mi jard\u00edn cada vez m\u00e1s bonito y hacerlo cada vez mejor. Entonces, hacer cada vez m\u00e1s cosas nuevas. <mark>Creo que cuando est\u00e1s en un momento de incomodidad es cuando te surgen m\u00e1s ideas y te sobrepones al problema y a esa adversidad.<\/mark><\/p>\n\n\n\n<p><\/p>\n\n\n\n<h3 class=\"wp-block-heading\"><span class=\"ez-toc-section\" id=\"Encuesta_rapida_para_conocer_a_Raquel_un_poquito_mas_%F0%9F%98%8A%F0%9F%91%87\"><\/span><span class=\"tadv-color\"><strong><mark>Encuesta r\u00e1pida para conocer a Raquel un poquito m\u00e1s.<\/mark><\/strong> \ud83d\ude0a\ud83d\udc47<\/span><span class=\"ez-toc-section-end\"><\/span><\/h3>\n\n\n\n<p><strong>\u00bfQu\u00e9 marca sientes que lo est\u00e1 haciendo muy bien?<\/strong><\/p>\n\n\n\n<p><a href=\"https:\/\/charucashop.com\/\" target=\"_blank\" rel=\"noreferrer noopener nofollow\">Charuca<\/a>. Lo est\u00e1 haciendo muy bien a nivel marketing. Tambi\u00e9n lo est\u00e1 haciendo muy bien <a href=\"https:\/\/www.luciabe.com\/\" target=\"_blank\" rel=\"noreferrer noopener nofollow\">Luc\u00eda BE<\/a> que ya es una potencia a nivel marca.<\/p>\n\n\n\n<p><\/p>\n\n\n\n<p><strong>\u00bfTienda f\u00edsica favorita?<\/strong><\/p>\n\n\n\n<p><a href=\"https:\/\/www.vaidhe.com\/\" target=\"_blank\" rel=\"noreferrer noopener nofollow\">Vaidh\u00e9<\/a> es una tienda que tambi\u00e9n vende mis cosas desde hace muy poquito. Hace mucho tiempo que quer\u00eda vender all\u00ed porque me gusta mucho ya que cuidan mucho los detalles y adem\u00e1s venden marcas peque\u00f1itas muy escogidas.<\/p>\n\n\n\n<p><\/p>\n\n\n\n<p><strong>\u00bfTienda online preferida? <\/strong><\/p>\n\n\n\n<p><a href=\"https:\/\/www.mipelazo.com\/\" target=\"_blank\" rel=\"noreferrer noopener nofollow\">MiPelazo<\/a>. Son los reyes de la venta online. Es una tienda de productos para el pelo, te atienden genial y siempre te mandan regalitos con un mensajito de amor en la caja. Y llega super r\u00e1pido tambi\u00e9n, me encanta.<\/p>\n\n\n\n<p><\/p>\n\n\n\n<p><strong>\u00bfQu\u00e9 marca te gusta que lo hace bien en Instagram o TikTok?<\/strong><\/p>\n\n\n\n<p><a href=\"https:\/\/www.instagram.com\/casitadewendy\/?hl=es\" target=\"_blank\" rel=\"noreferrer noopener nofollow\">La casita de Wendy<\/a>, hacen cosas muy bonitas, son muy conscientes y me gustan mucho, su look y su todo. <\/p>\n\n\n\n<p><\/p>\n\n\n\n<p><strong>Una marca peque\u00f1ita que te encante.<\/strong><\/p>\n\n\n\n<p><a href=\"https:\/\/mundaya.com\/tienda\/\" target=\"_blank\" rel=\"noreferrer noopener nofollow\">Mundaya<\/a>. Es una chica de Galicia que hace bolsos y vende a tiendas. Hace unas cosas de una calidad extraordinaria, de un algod\u00f3n incre\u00edble y es s\u00faper ecol\u00f3gico todo. <\/p>\n\n\n\n<p><\/p>\n\n\n\n<p><strong>Un libro que nos recomiendes.<\/strong><\/p>\n\n\n\n<p>La elegancia del erizo, de Muriel Barbery. Tambi\u00e9n se hizo una pel\u00edcula y es un libro muy bonito. Este libro es de los que deja huella.<\/p>\n\n\n\n<p><\/p>\n\n\n\n<p><strong>\u00bfAlg\u00fan podcast?<\/strong><\/p>\n\n\n\n<p><a href=\"https:\/\/open.spotify.com\/show\/5DJvmyRXDP22PcJ7pi4kYT\" target=\"_blank\" rel=\"noreferrer noopener nofollow\">Jefa de tu vida. El podcast de Charuca.<\/a> Me gusta mucho, me gusta ella, los consejos valiosos que da sobre emprendimiento y est\u00e1 bastante bien.<\/p>\n\n\n\n<p><\/p>\n\n\n\n<p>Si quer\u00e9is ver los accesorios artesanales que hacen en Bib\u00ed Handmade pod\u00e9is visitar su <a href=\"https:\/\/bibihandmade.com\/\" target=\"_blank\" rel=\"noreferrer noopener nofollow\">p\u00e1gina web<\/a>. Tambi\u00e9n os dejamos el v\u00eddeo de la entrevista para qui\u00e9n prefiera un formato audiovisual \ud83d\udc47<\/p>\n\n\n\n<p><\/p>\n\n\n\n<figure class=\"wp-block-embed aligncenter is-type-video is-provider-youtube wp-block-embed-youtube wp-embed-aspect-16-9 wp-has-aspect-ratio\"><div class=\"wp-block-embed__wrapper\">\n<iframe loading=\"lazy\" title=\"Entrevista a Bib\u00ed Handmade. Accesorios artesanales y sostenibles hechos con !mucho amor\u00a1\" width=\"500\" height=\"281\" src=\"https:\/\/www.youtube.com\/embed\/sFa9u3hCLfg?feature=oembed\" frameborder=\"0\" allow=\"accelerometer; autoplay; clipboard-write; encrypted-media; gyroscope; picture-in-picture; web-share\" referrerpolicy=\"strict-origin-when-cross-origin\" allowfullscreen><\/iframe>\n<\/div><\/figure>\n","protected":false},"excerpt":{"rendered":"<p>Una empresa de accesorios artesanales. Caso de \u00e9xito que puede servir de ejemplo para muchos.<\/p>\n","protected":false},"author":6,"featured_media":15059,"comment_status":"open","ping_status":"closed","sticky":false,"template":"","format":"standard","meta":{"inline_featured_image":false,"footnotes":""},"categories":[42],"tags":[],"class_list":["post-15050","post","type-post","status-publish","format-standard","has-post-thumbnail","hentry","category-negocios"],"_links":{"self":[{"href":"https:\/\/www.bolsalea.com\/blog\/wp-json\/wp\/v2\/posts\/15050","targetHints":{"allow":["GET"]}}],"collection":[{"href":"https:\/\/www.bolsalea.com\/blog\/wp-json\/wp\/v2\/posts"}],"about":[{"href":"https:\/\/www.bolsalea.com\/blog\/wp-json\/wp\/v2\/types\/post"}],"author":[{"embeddable":true,"href":"https:\/\/www.bolsalea.com\/blog\/wp-json\/wp\/v2\/users\/6"}],"replies":[{"embeddable":true,"href":"https:\/\/www.bolsalea.com\/blog\/wp-json\/wp\/v2\/comments?post=15050"}],"version-history":[{"count":5,"href":"https:\/\/www.bolsalea.com\/blog\/wp-json\/wp\/v2\/posts\/15050\/revisions"}],"predecessor-version":[{"id":15118,"href":"https:\/\/www.bolsalea.com\/blog\/wp-json\/wp\/v2\/posts\/15050\/revisions\/15118"}],"wp:featuredmedia":[{"embeddable":true,"href":"https:\/\/www.bolsalea.com\/blog\/wp-json\/wp\/v2\/media\/15059"}],"wp:attachment":[{"href":"https:\/\/www.bolsalea.com\/blog\/wp-json\/wp\/v2\/media?parent=15050"}],"wp:term":[{"taxonomy":"category","embeddable":true,"href":"https:\/\/www.bolsalea.com\/blog\/wp-json\/wp\/v2\/categories?post=15050"},{"taxonomy":"post_tag","embeddable":true,"href":"https:\/\/www.bolsalea.com\/blog\/wp-json\/wp\/v2\/tags?post=15050"}],"curies":[{"name":"wp","href":"https:\/\/api.w.org\/{rel}","templated":true}]}}